{"id":1008,"date":"2018-05-03T07:51:24","date_gmt":"2018-05-03T05:51:24","guid":{"rendered":"http:\/\/www.beesimple.de\/?p=1008"},"modified":"2018-05-04T15:14:11","modified_gmt":"2018-05-04T13:14:11","slug":"21_rapshonig","status":"publish","type":"post","link":"https:\/\/www.beesimple.de\/index.php\/2018\/05\/03\/21_rapshonig\/","title":{"rendered":"21_Rapshonig oder nicht, das ist hier die Frage."},"content":{"rendered":"<h2>Wir sind sp\u00e4t dran,<\/h2>\n<p>mal wieder! In Mitteldeutschland bl\u00fchen schon seit mindestens 14 Tagen die Rapsfelder und die sommerlichen Temperaturen die dort schon l\u00e4nger vorherrschen tauchen in Norddeutschland nur vereinzelt auf. Das Fr\u00fchjahr l\u00e4sst lange auf sich warten und an den letzten Sommer &#8211; der ja keiner war &#8211; kann man sich kaum noch erinnern.<\/p>\n<figure id=\"attachment_1014\" class=\"thumbnail wp-caption alignleft\" style=\"width: 300px\"><a href=\"https:\/\/www.beesimple.de\/wp-content\/uploads\/Allgemeine_Themen\/IMG_3586.jpg\" target=\"_blank\" rel=\"noopener\"><img loading=\"lazy\" decoding=\"async\" class=\"wp-image-1014 size-medium\" src=\"https:\/\/www.beesimple.de\/wp-content\/uploads\/Allgemeine_Themen\/IMG_3586-300x200.jpg\" alt=\"Winter in Norddeutschland\" width=\"300\" height=\"200\" srcset=\"https:\/\/www.beesimple.de\/wp-content\/uploads\/Allgemeine_Themen\/IMG_3586-300x200.jpg 300w, https:\/\/www.beesimple.de\/wp-content\/uploads\/Allgemeine_Themen\/IMG_3586-1024x683.jpg 1024w, https:\/\/www.beesimple.de\/wp-content\/uploads\/Allgemeine_Themen\/IMG_3586-272x182.jpg 272w, https:\/\/www.beesimple.de\/wp-content\/uploads\/Allgemeine_Themen\/IMG_3586.jpg 2048w, https:\/\/www.beesimple.de\/wp-content\/uploads\/Allgemeine_Themen\/IMG_3586-300x200@2x.jpg 600w, https:\/\/www.beesimple.de\/wp-content\/uploads\/Allgemeine_Themen\/IMG_3586-272x182@2x.jpg 544w\" sizes=\"auto, (max-width: 300px) 100vw, 300px\" \/><\/a><figcaption class=\"caption wp-caption-text\"><em>Winter in Norddeutschland &#8211; Ende M\u00e4rz 2018<\/em><\/figcaption><\/figure>\n<p>Sowohl die Bauern als auch die Imker profitieren s\u00fcdlich der hamburgischen Elbgrenze von dem dort vorherrschenden Wetter. Vor vier Wochen lag hier noch Schnee und Ostern war kalt. Die Kinder konnten hier, mal wieder, Ostereier im Schnee suchen. Jetzt wei\u00df ich auch, warum man die immer anmalt \ud83d\ude09<\/p>\n<p>Eigentlich bl\u00fcht doch Anfang M\u00e4rz die Saalweide und die Bienen k\u00f6nnen davon profitieren und diese Jahr? Dieses Jahr ist alles anders. Es war ein zun\u00e4chst ein sehr feuchter Winter der den Feldern sehr zugesetzt hat und damit auch den Bauern das Leben erschwert. Dann war da noch der Erdfloh der die Rapspflanzen von unten her auffrisst und dann war es schon kalt. Nach dem langen Winter gab es doch Schnee ohne Ende und wieder nasse Koppeln. Der Raps der durchkam, lief dann auch auf und wurde was. Dann kam nochmals der Frost \u00fcber&#8217;s Land und die Feldfr\u00fcchte gingen wieder kaputt. So mancher Bauer brach darauf hin seine Felder um und so mancher Imker machte eine lange Nase.<\/p>\n<p>Die Bauern haben auch schon so langsam keinen Lust mehr Raps anzus\u00e4en, denn wer f\u00fcr mehrere Tausend Euro Saat kaufen mu\u00df um dann festzustellen, das wird nix verliert schnell die Lust daran &#8211; was sicher auch sehr gut nachvollziehbar ist. Der Raps anbau ist einfach nicht mehr lukrativ genug.<\/p>\n<p>Seit einer Woche stehen meine Bienen nun im &#8222;Rapsfeld&#8220;. Dort gibt es eine fr\u00fche und eine sp\u00e4te Sorte. Somit hat man vielleicht die Chance auf Ertr\u00e4ge. Nur sind meine Bienenkisten dieses Jahr gar nicht so voll mit Bienen. Das bedeutet weniger oder schleppender Wabenbau und damit auch geringer Eintrag von Nektar. Wir sind im Mai und im Moment sieht es auch so aus, als wenn die Bienen noch drei Wochen brauchen, bis sie bei einer anst\u00e4ndigen Volksst\u00e4rke angekommen sind. S\u00fcdlich der Elbe werden schon Ableger gebildet und der Schwarmtrieb hat eingesetzt. Bei meinen Bienen nicht. Es wurden zwar schon die ersten Drohnenwaben ausgebaut (und ausgeschnitten zu Varodezimierung) aber so richtig lassen es die Bienen halt noch nicht krachen.<\/p>\n<p>&nbsp;<\/p>\n<figure id=\"attachment_1011\" class=\"thumbnail wp-caption alignleft\" style=\"width: 300px\"><a href=\"https:\/\/www.beesimple.de\/wp-content\/uploads\/Allgemeine_Themen\/IMG_9959.jpg\" target=\"_blank\" rel=\"noopener\"><img loading=\"lazy\" decoding=\"async\" class=\"wp-image-1011 size-medium\" src=\"https:\/\/www.beesimple.de\/wp-content\/uploads\/Allgemeine_Themen\/IMG_9959-300x225.jpg\" alt=\"Jungimker bei der Arbeit\" width=\"300\" height=\"225\" srcset=\"https:\/\/www.beesimple.de\/wp-content\/uploads\/Allgemeine_Themen\/IMG_9959-300x225.jpg 300w, https:\/\/www.beesimple.de\/wp-content\/uploads\/Allgemeine_Themen\/IMG_9959-1024x768.jpg 1024w, https:\/\/www.beesimple.de\/wp-content\/uploads\/Allgemeine_Themen\/IMG_9959-520x390.jpg 520w, https:\/\/www.beesimple.de\/wp-content\/uploads\/Allgemeine_Themen\/IMG_9959-260x195.jpg 260w, https:\/\/www.beesimple.de\/wp-content\/uploads\/Allgemeine_Themen\/IMG_9959.jpg 2048w, https:\/\/www.beesimple.de\/wp-content\/uploads\/Allgemeine_Themen\/IMG_9959-300x225@2x.jpg 600w\" sizes=\"auto, (max-width: 300px) 100vw, 300px\" \/><\/a><figcaption class=\"caption wp-caption-text\"><em>Jungimker bei der Arbeit<\/em><\/figcaption><\/figure>\n<p>Die Bienen sind wie fast immer sehr friedlich und ich hoffe mal, dass ich die richtigen Ma\u00dfnahmen ergriffen habe, damit die Bienen gut durch das Jahr kommen. Auf jeden Fall wird die V\u00f6lkerf\u00fchrung jetzt ge\u00e4ndert. Zwei Brutr\u00e4ume wird dieses Jahr glaube ich nichts.\u00a0Vermutlich ist der Raps auch schon wieder verbl\u00fcht, wenn die Bienenmasse zum Ernten da ist. Wir werden sehen. Ende April 2018 war der Raps ungef\u00e4hr 20cm hoch und es war noch nichts &#8222;gelbes&#8220; zu erkennen.\u00a0Der \/ die Nachwuchsimker unserer Familie haben Spa\u00df an den Bienen und das ist ein wichtiger Punkt f\u00fcr mich. Wenn die Kinder bei den Bienen sind lernen sie ja nicht nur das imkern, sondern auch den Jahreslauf kennen und den Umgang mit der Natur. Sie wissen was der Landwirt so macht und was Feldfr\u00fcchte sind. Wir haben eben keine Stadtkinder und sind stolz darauf \ud83d\ude42<\/p>\n<p>Wie es jetzt mit den V\u00f6lkern weitergeht mu\u00df man abwarten. Ich w\u00fcnsche allen mal drei Wochen Sonne am St\u00fcck und dann haben wir alles es auch gut. Bis dahin, t\u00fc\u00fc\u00df &amp;<\/p>\n<p>cheers,<br \/>\nlore<\/p>\n<p>&nbsp;<\/p>\n<p>&nbsp;<\/p>\n","protected":false},"excerpt":{"rendered":"<p>Wir sind sp\u00e4t dran, mal wieder! In Mitteldeutschland bl\u00fchen schon seit mindestens 14 Tagen die Rapsfelder und die sommerlichen Temperaturen die dort schon l\u00e4nger vorherrschen tauchen in Norddeutschland nur vereinzelt auf. Das Fr\u00fchjahr l\u00e4sst lange auf sich warten und an den letzten Sommer &#8211; der ja keiner war &#8211; kann &hellip; <a class=\"kt-excerpt-readmore\" href=\"https:\/\/www.beesimple.de\/index.php\/2018\/05\/03\/21_rapshonig\/\" aria-label=\"21_Rapshonig oder nicht, das ist hier die Frage.\">Weiterlesen<\/a><\/p>\n","protected":false},"author":1,"featured_media":1011,"comment_status":"closed","ping_status":"open","sticky":false,"template":"","format":"standard","meta":{"footnotes":""},"categories":[1],"tags":[],"class_list":["post-1008","post","type-post","status-publish","format-standard","has-post-thumbnail","hentry","category-allgemein"],"_links":{"self":[{"href":"https:\/\/www.beesimple.de\/index.php\/wp-json\/wp\/v2\/posts\/1008","targetHints":{"allow":["GET"]}}],"collection":[{"href":"https:\/\/www.beesimple.de\/index.php\/wp-json\/wp\/v2\/posts"}],"about":[{"href":"https:\/\/www.beesimple.de\/index.php\/wp-json\/wp\/v2\/types\/post"}],"author":[{"embeddable":true,"href":"https:\/\/www.beesimple.de\/index.php\/wp-json\/wp\/v2\/users\/1"}],"replies":[{"embeddable":true,"href":"https:\/\/www.beesimple.de\/index.php\/wp-json\/wp\/v2\/comments?post=1008"}],"version-history":[{"count":3,"href":"https:\/\/www.beesimple.de\/index.php\/wp-json\/wp\/v2\/posts\/1008\/revisions"}],"predecessor-version":[{"id":1017,"href":"https:\/\/www.beesimple.de\/index.php\/wp-json\/wp\/v2\/posts\/1008\/revisions\/1017"}],"wp:featuredmedia":[{"embeddable":true,"href":"https:\/\/www.beesimple.de\/index.php\/wp-json\/wp\/v2\/media\/1011"}],"wp:attachment":[{"href":"https:\/\/www.beesimple.de\/index.php\/wp-json\/wp\/v2\/media?parent=1008"}],"wp:term":[{"taxonomy":"category","embeddable":true,"href":"https:\/\/www.beesimple.de\/index.php\/wp-json\/wp\/v2\/categories?post=1008"},{"taxonomy":"post_tag","embeddable":true,"href":"https:\/\/www.beesimple.de\/index.php\/wp-json\/wp\/v2\/tags?post=1008"}],"curies":[{"name":"wp","href":"https:\/\/api.w.org\/{rel}","templated":true}]}}