{"id":480,"date":"2017-08-30T20:06:56","date_gmt":"2017-08-30T18:06:56","guid":{"rendered":"http:\/\/www.beesimple.de\/wordpress\/?p=480"},"modified":"2017-08-30T20:09:02","modified_gmt":"2017-08-30T18:09:02","slug":"12_2017-oder-was-fuer-ein-sommer","status":"publish","type":"post","link":"https:\/\/www.beesimple.de\/index.php\/2017\/08\/30\/12_2017-oder-was-fuer-ein-sommer\/","title":{"rendered":"12_2017 &#8211; oder was f\u00fcr ein Sommer &#8230;"},"content":{"rendered":"<h2>Da war ein Sommer???<\/h2>\n<div><\/div>\n<div>Mittlerweile ist der August auch schon wieder zu Ende und es gilt: &#8222;Vor dem Spiel ist nach dem Spiel&#8220; &#8211; oder so \u00e4hnlich \ud83d\ude42<\/div>\n<p><\/p>\n<div>Der Ertrag des Sommerhonigs lag bei mir im Schnitt bei 11,2 kg Honig je Volk. Wobei sagen mu\u00df, die einen hatten viel und die anderen haben nur unten beim Brutnest noch was eingetragen. Meine Wirtschaftsv\u00f6lker sind mit der Langzeitsommerbehandlung durch und das Auff\u00fcttern ist zum Teil auch schon erledigt. Als n\u00e4chstes mu\u00df ich noch ein paar K\u00f6nigin austauschen und dann kommt vermutlich noch mal eine weitere Behandlung mit Ameisens\u00e4ure.<\/div>\n<p><\/p>\n<div>Dieses Jahr hatte ich nicht jedes Mal den Drohnenrahmen ausgeschnitten und bereits nach einer Woche lautet die Gem\u00fclldiagnose: Mega viele Varoaen.<\/div>\n<div>Ist das ein gutes Jahr f\u00fcr die Varoen gewesen? Ich habe so die Vermutung. Die Bienen war ja mehr im Stock als dau\u00dfen in der Weltgeschichte. Nichts desto trotz, bin ich mit meinen Bienen ganz zu frieden und bin gespannt was der September noch so bringt. Auf jeden Fall werde ich im September noch mal Varoa z\u00e4hlen m\u00fcssen und vermutlich auch noch eine Kurzzeitbehandlung durchf\u00fchren.<\/div>\n<p><\/p>\n<div>Mit besten Imkergr\u00fc\u00dfen,<\/div>\n<div>Karsten<\/div>\n","protected":false},"excerpt":{"rendered":"<p>Da war ein Sommer??? Mittlerweile ist der August auch schon wieder zu Ende und es gilt: &#8222;Vor dem Spiel ist nach dem Spiel&#8220; &#8211; oder so \u00e4hnlich \ud83d\ude42 Der Ertrag des Sommerhonigs lag bei mir im Schnitt bei 11,2 kg Honig je Volk. Wobei sagen mu\u00df, die einen hatten viel &hellip; <a class=\"kt-excerpt-readmore\" href=\"https:\/\/www.beesimple.de\/index.php\/2017\/08\/30\/12_2017-oder-was-fuer-ein-sommer\/\" aria-label=\"12_2017 &#8211; oder was f\u00fcr ein Sommer &#8230;\">Weiterlesen<\/a><\/p>\n","protected":false},"author":1,"featured_media":0,"comment_status":"closed","ping_status":"open","sticky":false,"template":"","format":"standard","meta":{"footnotes":""},"categories":[1],"tags":[],"class_list":["post-480","post","type-post","status-publish","format-standard","hentry","category-allgemein"],"_links":{"self":[{"href":"https:\/\/www.beesimple.de\/index.php\/wp-json\/wp\/v2\/posts\/480","targetHints":{"allow":["GET"]}}],"collection":[{"href":"https:\/\/www.beesimple.de\/index.php\/wp-json\/wp\/v2\/posts"}],"about":[{"href":"https:\/\/www.beesimple.de\/index.php\/wp-json\/wp\/v2\/types\/post"}],"author":[{"embeddable":true,"href":"https:\/\/www.beesimple.de\/index.php\/wp-json\/wp\/v2\/users\/1"}],"replies":[{"embeddable":true,"href":"https:\/\/www.beesimple.de\/index.php\/wp-json\/wp\/v2\/comments?post=480"}],"version-history":[{"count":5,"href":"https:\/\/www.beesimple.de\/index.php\/wp-json\/wp\/v2\/posts\/480\/revisions"}],"predecessor-version":[{"id":485,"href":"https:\/\/www.beesimple.de\/index.php\/wp-json\/wp\/v2\/posts\/480\/revisions\/485"}],"wp:attachment":[{"href":"https:\/\/www.beesimple.de\/index.php\/wp-json\/wp\/v2\/media?parent=480"}],"wp:term":[{"taxonomy":"category","embeddable":true,"href":"https:\/\/www.beesimple.de\/index.php\/wp-json\/wp\/v2\/categories?post=480"},{"taxonomy":"post_tag","embeddable":true,"href":"https:\/\/www.beesimple.de\/index.php\/wp-json\/wp\/v2\/tags?post=480"}],"curies":[{"name":"wp","href":"https:\/\/api.w.org\/{rel}","templated":true}]}}